{"id":7265,"date":"2017-11-14T15:11:35","date_gmt":"2017-11-14T15:11:35","guid":{"rendered":"https:\/\/pracownia52.pl\/www\/?p=7265"},"modified":"2017-11-14T16:54:03","modified_gmt":"2017-11-14T16:54:03","slug":"adam-sikora","status":"publish","type":"post","link":"https:\/\/pracownia52.pl\/www\/?p=7265","title":{"rendered":"\u201eAdam Sikora\u201d"},"content":{"rendered":"<p>\u2026czyli kolejny, cho\u0107 zaleg\u0142y (1\/2014) numer kwartalnika \u201e<a href=\"http:\/\/pracownia52.pl\/www\/?page_id=630\"><strong>Pf-l<\/strong><\/a>\u201d. Nadal tylko dwa kolory pantone.<br \/>\n\u2026<br \/>\nw \u015brodku, poza wieloma <a href=\"http:\/\/www.pfl.uw.edu.pl\/index.php\/pfl\/issue\/current\"><strong>znakomitymi tekstami<\/strong> (spis tre\u015bci: link)<\/a>, r\u00f3wnie\u017c m\u00f3j kr\u00f3ciutki: <a href=\"https:\/\/pracownia52.pl\/www\/?page_id=325\">o \u201eretuszu\u201d, a te\u017c o Szczecinku z 11 litopada 1981 roku<\/a>\u2026 Mo\u017ce kiedy\u015b.<\/p>\n<blockquote><p>Zdj\u0119cia s\u0105 dwa \u2013 a w\u0142a\u015bciwie jedno: ze Szczecinka, to 11 listopada 1981 roku. Jedno \u201eprawdziwe\u201d \u2013 zaraz wyja\u015bni\u0119, dlaczego cudzys\u0142\u00f3w \u2013 a drugie retuszowane. Znaczy: nieprawdziwe? Czy aby\u2026<br \/>\n(\u2026)<\/p><\/blockquote>\n<p>mr m.<br \/>\n<div id='gallery-1' class='gallery galleryid-7265 gallery-columns-2 gallery-size-thumbnail'><figure class='gallery-item'>\n\t\t\t<div class='gallery-icon portrait'>\n\t\t\t\t<a href='https:\/\/pracownia52.pl\/www\/?attachment_id=5480'><img loading=\"lazy\" decoding=\"async\" width=\"150\" height=\"150\" src=\"https:\/\/pracownia52.pl\/www\/wp-content\/uploads\/2010\/06\/szczecinek-11-XI-1981-002-spolem-LG-retouched-150x150.jpg?v=1627123895\" class=\"attachment-thumbnail size-thumbnail\" alt=\"\" srcset=\"https:\/\/pracownia52.pl\/www\/wp-content\/uploads\/2010\/06\/szczecinek-11-XI-1981-002-spolem-LG-retouched-150x150.jpg?v=1627123895 150w, https:\/\/pracownia52.pl\/www\/wp-content\/uploads\/2010\/06\/szczecinek-11-XI-1981-002-spolem-LG-retouched-75x75.jpg?v=1627123895 75w\" sizes=\"auto, 100vw\" \/><\/a>\n\t\t\t<\/div><\/figure><figure class='gallery-item'>\n\t\t\t<div class='gallery-icon portrait'>\n\t\t\t\t<a href='https:\/\/pracownia52.pl\/www\/?attachment_id=5479'><img loading=\"lazy\" decoding=\"async\" width=\"150\" height=\"150\" src=\"https:\/\/pracownia52.pl\/www\/wp-content\/uploads\/2010\/06\/szczecinek-11-XI-1981-002-spolem-LG-full-150x150.jpg?v=1627123895\" class=\"attachment-thumbnail size-thumbnail\" alt=\"\" srcset=\"https:\/\/pracownia52.pl\/www\/wp-content\/uploads\/2010\/06\/szczecinek-11-XI-1981-002-spolem-LG-full-150x150.jpg?v=1627123895 150w, https:\/\/pracownia52.pl\/www\/wp-content\/uploads\/2010\/06\/szczecinek-11-XI-1981-002-spolem-LG-full-75x75.jpg?v=1627123895 75w\" sizes=\"auto, 100vw\" \/><\/a>\n\t\t\t<\/div><\/figure>\n\t\t<\/div>\n<\/p>\n","protected":false},"excerpt":{"rendered":"<p>\u2026czyli kolejny, cho\u0107 zaleg\u0142y (1\/2014) numer kwartalnika \u201ePf-l\u201d. Nadal tylko dwa kolory pantone. \u2026 w \u015brodku, poza wieloma znakomitymi tekstami (spis tre\u015bci: link), r\u00f3wnie\u017c m\u00f3j kr\u00f3ciutki: o \u201eretuszu\u201d, a te\u017c o Szczecinku z 11 litopada 1981 roku\u2026 Mo\u017ce kiedy\u015b. Zdj\u0119cia s\u0105 dwa \u2013 a w\u0142a\u015bciwie jedno: ze Szczecinka, to 11 listopada 1981 roku. Jedno \u201eprawdziwe\u201d &hellip; <\/p>\n<p class=\"link-more\"><a href=\"https:\/\/pracownia52.pl\/www\/?p=7265\" class=\"more-link\">Czytaj dalej<span class=\"screen-reader-text\"> \u201e\u201eAdam Sikora\u201d\u201d<\/span><\/a><\/p>\n","protected":false},"author":1,"featured_media":7266,"comment_status":"closed","ping_status":"open","sticky":false,"template":"","format":"standard","meta":{"footnotes":""},"categories":[1],"tags":[64,63,65],"class_list":["post-7265","post","type-post","status-publish","format-standard","has-post-thumbnail","hentry","category-uncategorized","tag-adam-sikora","tag-pf-l","tag-stanis"],"_links":{"self":[{"href":"https:\/\/pracownia52.pl\/www\/index.php?rest_route=\/wp\/v2\/posts\/7265","targetHints":{"allow":["GET"]}}],"collection":[{"href":"https:\/\/pracownia52.pl\/www\/index.php?rest_route=\/wp\/v2\/posts"}],"about":[{"href":"https:\/\/pracownia52.pl\/www\/index.php?rest_route=\/wp\/v2\/types\/post"}],"author":[{"embeddable":true,"href":"https:\/\/pracownia52.pl\/www\/index.php?rest_route=\/wp\/v2\/users\/1"}],"replies":[{"embeddable":true,"href":"https:\/\/pracownia52.pl\/www\/index.php?rest_route=%2Fwp%2Fv2%2Fcomments&post=7265"}],"version-history":[{"count":6,"href":"https:\/\/pracownia52.pl\/www\/index.php?rest_route=\/wp\/v2\/posts\/7265\/revisions"}],"predecessor-version":[{"id":7272,"href":"https:\/\/pracownia52.pl\/www\/index.php?rest_route=\/wp\/v2\/posts\/7265\/revisions\/7272"}],"wp:featuredmedia":[{"embeddable":true,"href":"https:\/\/pracownia52.pl\/www\/index.php?rest_route=\/wp\/v2\/media\/7266"}],"wp:attachment":[{"href":"https:\/\/pracownia52.pl\/www\/index.php?rest_route=%2Fwp%2Fv2%2Fmedia&parent=7265"}],"wp:term":[{"taxonomy":"category","embeddable":true,"href":"https:\/\/pracownia52.pl\/www\/index.php?rest_route=%2Fwp%2Fv2%2Fcategories&post=7265"},{"taxonomy":"post_tag","embeddable":true,"href":"https:\/\/pracownia52.pl\/www\/index.php?rest_route=%2Fwp%2Fv2%2Ftags&post=7265"}],"curies":[{"name":"wp","href":"https:\/\/api.w.org\/{rel}","templated":true}]}}